{"id":2571,"date":"2016-08-07T16:22:20","date_gmt":"2016-08-07T14:22:20","guid":{"rendered":"http:\/\/ochoequis.com\/?p=2571"},"modified":"2023-01-17T19:21:42","modified_gmt":"2023-01-17T18:21:42","slug":"la-souplesse-de-labandon","status":"publish","type":"post","link":"http:\/\/ochoequis.com\/?p=2571","title":{"rendered":"La souplesse de l&rsquo;abandon"},"content":{"rendered":"<p>[vc_row][vc_column][vc_column_text uncode_shortcode_id=\u00a0\u00bb104418&Prime;]<span style=\"font-size: 20pt;\"><strong>La souplesse de l&rsquo;abandon<\/strong><br \/>\n<\/span><\/p>\n<h5>Synopsis<\/h5>\n<p><span style=\"font-size: 16pt;\">Incursion dans la capitale belge doubl\u00e9e d&rsquo;un voyage int\u00e9rieur. <\/span><span style=\"font-size: 16pt;\">Court m\u00e9trage exp\u00e9rimental de Marco Bentz, tourn\u00e9 en Super 8 en 2007 et pr\u00e9sent\u00e9 en avant-premi\u00e8re au Xe Festival du Court M\u00e9trage de Bruxelles.<\/span>[\/vc_column_text][vc_single_image media=\u00a0\u00bb80402&Prime; media_width_percent=\u00a0\u00bb100&Prime;][vc_column_text uncode_shortcode_id=\u00a0\u00bb286748&Prime;]<\/p>\n<h5>D\u00e9marche<\/h5>\n<p>Une fois les intentions du film pr\u00e9par\u00e9es et clarifi\u00e9es \u00e0 l&rsquo;avance, Marco Bentz a fait preuve de l\u00e2cher prise pour capter les synchronicit\u00e9s qui s&rsquo;offraient \u00e0 sa cam\u00e9ra et \u00e0 l&rsquo;enregistreuse toujours pr\u00e9sente dans une poche de son manteau. Le film restitue ce dialogue int\u00e9rieur de bribes d&rsquo;images et de sons.<\/p>\n<h5>Cr\u00e9dits<\/h5>\n<p><em>Avec Vanessa Van Strijthem<br \/>\nCin\u00e9matographie <\/em>Marco Bentz<br \/>\n<em>Musique<\/em> Daniel Fontaine<br \/>\n<em>Aide \u00e0 la r\u00e9alisation <\/em>Brigitte Bousquet<br \/>\n<em><br \/>\nS\u00e9lections<br \/>\n<\/em>European Media Art Festival d\u2019Osnabrueck 2008<em><br \/>\n<\/em>Festival Underground de Montr\u00e9al 2008<br \/>\nFestival du Nouveau Cin\u00e9ma de Montr\u00e9al 2008[\/vc_column_text][\/vc_column][\/vc_row]<\/p>\n","protected":false},"excerpt":{"rendered":"<p>Une incursion dans la capitale belge doubl\u00e9e d&rsquo;un voyage int\u00e9rieur.<br \/>\nCourt m\u00e9trage exp\u00e9rimental de Marco Bentz, Belgique 2007<br \/>\nS\u00e9lections au European Media Art Festival d\u2019Osnabrueck, Festival Underground de Montr\u00e9al et Festival du Nouveau Cin\u00e9ma de Montr\u00e9al<\/p>\n","protected":false},"author":1,"featured_media":80055,"comment_status":"closed","ping_status":"closed","sticky":false,"template":"","format":"standard","meta":[],"categories":[166,32,10],"tags":[],"_links":{"self":[{"href":"http:\/\/ochoequis.com\/index.php?rest_route=\/wp\/v2\/posts\/2571"}],"collection":[{"href":"http:\/\/ochoequis.com\/index.php?rest_route=\/wp\/v2\/posts"}],"about":[{"href":"http:\/\/ochoequis.com\/index.php?rest_route=\/wp\/v2\/types\/post"}],"author":[{"embeddable":true,"href":"http:\/\/ochoequis.com\/index.php?rest_route=\/wp\/v2\/users\/1"}],"replies":[{"embeddable":true,"href":"http:\/\/ochoequis.com\/index.php?rest_route=%2Fwp%2Fv2%2Fcomments&post=2571"}],"version-history":[{"count":17,"href":"http:\/\/ochoequis.com\/index.php?rest_route=\/wp\/v2\/posts\/2571\/revisions"}],"predecessor-version":[{"id":81878,"href":"http:\/\/ochoequis.com\/index.php?rest_route=\/wp\/v2\/posts\/2571\/revisions\/81878"}],"wp:featuredmedia":[{"embeddable":true,"href":"http:\/\/ochoequis.com\/index.php?rest_route=\/wp\/v2\/media\/80055"}],"wp:attachment":[{"href":"http:\/\/ochoequis.com\/index.php?rest_route=%2Fwp%2Fv2%2Fmedia&parent=2571"}],"wp:term":[{"taxonomy":"category","embeddable":true,"href":"http:\/\/ochoequis.com\/index.php?rest_route=%2Fwp%2Fv2%2Fcategories&post=2571"},{"taxonomy":"post_tag","embeddable":true,"href":"http:\/\/ochoequis.com\/index.php?rest_route=%2Fwp%2Fv2%2Ftags&post=2571"}],"curies":[{"name":"wp","href":"https:\/\/api.w.org\/{rel}","templated":true}]}}